{"id":264,"date":"2021-01-28T22:23:55","date_gmt":"2021-01-28T21:23:55","guid":{"rendered":"http:\/\/approchedroits-rechtenbenadering.be\/?p=264"},"modified":"2021-02-11T14:35:12","modified_gmt":"2021-02-11T13:35:12","slug":"la-loi-dorientation-agricole-au-mali-connaitre-les-responsables-pour-mieux-les-interpeller","status":"publish","type":"post","link":"https:\/\/approchedroits-rechtenbenadering.be\/?p=264","title":{"rendered":"La Loi d\u2019Orientation Agricole au Mali, connaitre les responsables pour mieux les interpeller"},"content":{"rendered":"\t\t<div data-elementor-type=\"wp-post\" data-elementor-id=\"264\" class=\"elementor elementor-264\" data-elementor-settings=\"[]\">\n\t\t\t\t\t\t<div class=\"elementor-inner\">\n\t\t\t\t\t\t\t<div class=\"elementor-section-wrap\">\n\t\t\t\t\t\t\t<section class=\"elementor-section elementor-top-section elementor-element elementor-element-aa2c4e9 elementor-section-boxed elementor-section-height-default elementor-section-height-default\" data-id=\"aa2c4e9\" data-element_type=\"section\">\n\t\t\t\t\t\t<div class=\"elementor-container elementor-column-gap-default\">\n\t\t\t\t\t\t\t<div class=\"elementor-row\">\n\t\t\t\t\t<div class=\"elementor-column elementor-col-100 elementor-top-column elementor-element elementor-element-4c99425\" data-id=\"4c99425\" data-element_type=\"column\">\n\t\t\t<div class=\"elementor-column-wrap elementor-element-populated\">\n\t\t\t\t\t\t\t<div class=\"elementor-widget-wrap\">\n\t\t\t\t\t\t<div class=\"elementor-element elementor-element-a6e26c8 elementor-widget elementor-widget-image\" data-id=\"a6e26c8\" data-element_type=\"widget\" data-widget_type=\"image.default\">\n\t\t\t\t<div class=\"elementor-widget-container\">\n\t\t\t\t\t<div class=\"elementor-image\">\n\t\t\t\t\t\t\t\t\t\t<img width=\"768\" height=\"576\" src=\"https:\/\/approchedroits-rechtenbenadering.be\/wp-content\/uploads\/2021\/02\/MALI_DOC1-768x576.jpg\" class=\"attachment-medium_large size-medium_large\" alt=\"\" loading=\"lazy\" srcset=\"https:\/\/approchedroits-rechtenbenadering.be\/wp-content\/uploads\/2021\/02\/MALI_DOC1-768x576.jpg 768w, https:\/\/approchedroits-rechtenbenadering.be\/wp-content\/uploads\/2021\/02\/MALI_DOC1-300x225.jpg 300w, https:\/\/approchedroits-rechtenbenadering.be\/wp-content\/uploads\/2021\/02\/MALI_DOC1-1024x768.jpg 1024w, https:\/\/approchedroits-rechtenbenadering.be\/wp-content\/uploads\/2021\/02\/MALI_DOC1-1536x1152.jpg 1536w, https:\/\/approchedroits-rechtenbenadering.be\/wp-content\/uploads\/2021\/02\/MALI_DOC1-150x113.jpg 150w, https:\/\/approchedroits-rechtenbenadering.be\/wp-content\/uploads\/2021\/02\/MALI_DOC1-200x150.jpg 200w, https:\/\/approchedroits-rechtenbenadering.be\/wp-content\/uploads\/2021\/02\/MALI_DOC1.jpg 2048w\" sizes=\"(max-width: 768px) 100vw, 768px\" \/>\t\t\t\t\t\t\t\t\t\t\t<\/div>\n\t\t\t\t<\/div>\n\t\t\t\t<\/div>\n\t\t\t\t\t\t<\/div>\n\t\t\t\t\t<\/div>\n\t\t<\/div>\n\t\t\t\t\t\t\t\t<\/div>\n\t\t\t\t\t<\/div>\n\t\t<\/section>\n\t\t\t\t<section class=\"elementor-section elementor-top-section elementor-element elementor-element-380b07d elementor-section-boxed elementor-section-height-default elementor-section-height-default\" data-id=\"380b07d\" data-element_type=\"section\">\n\t\t\t\t\t\t<div class=\"elementor-container elementor-column-gap-default\">\n\t\t\t\t\t\t\t<div class=\"elementor-row\">\n\t\t\t\t\t<div class=\"elementor-column elementor-col-100 elementor-top-column elementor-element elementor-element-0d55ea1\" data-id=\"0d55ea1\" data-element_type=\"column\">\n\t\t\t<div class=\"elementor-column-wrap elementor-element-populated\">\n\t\t\t\t\t\t\t<div class=\"elementor-widget-wrap\">\n\t\t\t\t\t\t<div class=\"elementor-element elementor-element-2f08183 elementor-widget elementor-widget-text-editor\" data-id=\"2f08183\" data-element_type=\"widget\" data-widget_type=\"text-editor.default\">\n\t\t\t\t<div class=\"elementor-widget-container\">\n\t\t\t\t\t<div class=\"elementor-text-editor elementor-clearfix\"><p><strong>Au Mali, les partenaires de Solidagro ont fait connaitre la loi qui r\u00e9git le travail des organisations communautaires de base, la Loi d\u2019Orientation Agricole. Cela a permis aux membres de ces organisations de dialoguer avec les responsables des obstacles qu\u2019ils rencontrent et \u00e0 trouver ensemble des solutions.<\/strong><\/p><\/div>\n\t\t\t\t<\/div>\n\t\t\t\t<\/div>\n\t\t\t\t\t\t<\/div>\n\t\t\t\t\t<\/div>\n\t\t<\/div>\n\t\t\t\t\t\t\t\t<\/div>\n\t\t\t\t\t<\/div>\n\t\t<\/section>\n\t\t\t\t<section class=\"elementor-section elementor-top-section elementor-element elementor-element-4fff1d31 elementor-section-boxed elementor-section-height-default elementor-section-height-default\" data-id=\"4fff1d31\" data-element_type=\"section\">\n\t\t\t\t\t\t<div class=\"elementor-container elementor-column-gap-default\">\n\t\t\t\t\t\t\t<div class=\"elementor-row\">\n\t\t\t\t\t<div class=\"elementor-column elementor-col-100 elementor-top-column elementor-element elementor-element-7bd4fe6\" data-id=\"7bd4fe6\" data-element_type=\"column\">\n\t\t\t<div class=\"elementor-column-wrap elementor-element-populated\">\n\t\t\t\t\t\t\t<div class=\"elementor-widget-wrap\">\n\t\t\t\t\t\t<div class=\"elementor-element elementor-element-45cd3a05 elementor-widget elementor-widget-text-editor\" data-id=\"45cd3a05\" data-element_type=\"widget\" data-widget_type=\"text-editor.default\">\n\t\t\t\t<div class=\"elementor-widget-container\">\n\t\t\t\t\t<div class=\"elementor-text-editor elementor-clearfix\"><p><strong>La Loi d\u2019Orientation Agricole<\/strong><\/p><p>Au Mali, le droit \u00e0 l\u2019alimentation est loin d\u2019\u00eatre r\u00e9alis\u00e9. Pour bien adresser les raisons fondamentales de cette non-r\u00e9alisation et de sa violation, les partenaires de Solidagro (GAAS\/Mali et ARAFD) ont organis\u00e9 des ateliers pour d\u2019une part faire connaitre aux membres des organisations communautaires de base (OCB) la Loi d\u2019Orientation Agricole (LOA) et d\u2019autre part identifier les obstacles qui emp\u00eachent sa bonne mise en \u0153uvre.<\/p><p>La LOA constitue le document de r\u00e9f\u00e9rence des politiques et strat\u00e9gies \u00e0 long terme du pays dans le domaine de l\u2019agriculture. Parmi ses objectifs, il y a la promotion \u00e9conomique et sociale des populations en milieu rural, la souverainet\u00e9 alimentaire du pays et la r\u00e9duction de la pauvret\u00e9 rurale. \u00a0Les membres des OCB, \u00e0 travers l\u2019appropriation de cette loi, se sont rendus compte que ce cadre leur permet d\u2019\u00eatre reconnus comme des interlocuteurs l\u00e9gitimes de l\u2019Etat ainsi que dans le dispositif de suivi-\u00e9valuation des politiques agricoles. Mais cette responsabilisation n\u2019a pas suffisamment \u00e9t\u00e9 accompagn\u00e9e par l\u2019Etat.<\/p><p>\u00a0<\/p><p><strong>Titulaires d\u2019obligation responsables<\/strong><\/p><p>Les ateliers d\u2019\u00e9change autour de cette Loi ont \u00e9t\u00e9 le tremplin pour analyser les raisons de sa non-application. La responsabilit\u00e9 des titulaires d\u2019obligations par rapport au non-respect de l\u2019implication des OCB paysannes et au droit \u00e0 l\u2019alimentation des communaut\u00e9s a \u00e9t\u00e9 mise en exergue. Des actions de plaidoyer ont ensuite \u00e9t\u00e9 organis\u00e9es par les d\u00e9tenteurs de droits en direction des responsables communaux et des services techniques locaux qui ont \u00e9t\u00e9 identifi\u00e9s comme les premiers titulaires d\u2019obligations, responsables de la non-application de la LOA.<\/p><p>\u00a0<\/p><p><strong>Cadres de concertation<\/strong><\/p><p>Suite \u00e0 ce plaidoyer, des cadres de concertation entre les autorit\u00e9s communales, les services techniques d\u00e9concentr\u00e9s et les OCB ont \u00e9t\u00e9 organis\u00e9s. Ces cadres ont permis aux OCB de montrer leur travail actuel, de faire le point sur les difficult\u00e9s rencontr\u00e9es et de pr\u00e9ciser ce qui est attendu de l\u2019Etat et des collectivit\u00e9s dans la r\u00e9solution de ces probl\u00e8mes. Les acteurs m\u00eame ont pouss\u00e9 \u00e0 mettre en place les instruments de la LOA, ce que l\u2019Etat n\u2019a pas fait.<\/p><p>\u00a0<\/p><p><strong>OCB et r\u00e9seautage<\/strong><\/p><p>Pour contribuer \u00e0 am\u00e9liorer les capacit\u00e9s des d\u00e9tenteurs de droits \u00e0 connaitre leurs droits, \u00e0 \u00eatre \u00e0 m\u00eame de les exiger et de les voir se r\u00e9aliser, les partenaires maliens ont organis\u00e9 des rencontres entre les OCB sur le travail en r\u00e9seau. Des OCB avec lesquelles Solidagro travaille ont ainsi rejoint divers r\u00e9seaux existants\u00a0et\/ou se sont regroup\u00e9es en unions.<\/p><\/div>\n\t\t\t\t<\/div>\n\t\t\t\t<\/div>\n\t\t\t\t\t\t<\/div>\n\t\t\t\t\t<\/div>\n\t\t<\/div>\n\t\t\t\t\t\t\t\t<\/div>\n\t\t\t\t\t<\/div>\n\t\t<\/section>\n\t\t\t\t\t\t<\/div>\n\t\t\t\t\t\t<\/div>\n\t\t\t\t\t<\/div>\n\t\t","protected":false},"excerpt":{"rendered":"<p>Au Mali, les partenaires de Solidagro ont fait connaitre la loi qui r\u00e9git le travail des organisations communautaires de base, la Loi d\u2019Orientation Agricole. Cela a permis aux membres de ces organisations de dialoguer avec les responsables des obstacles qu\u2019ils rencontrent et \u00e0 trouver ensemble des solutions. <a class=\"continue-reading-link\" href=\"https:\/\/approchedroits-rechtenbenadering.be\/?p=264\">Lire plus <span class=\"meta-nav\">&rarr; <\/span><\/a><\/p>\n","protected":false},"author":1,"featured_media":1540,"comment_status":"closed","ping_status":"closed","sticky":false,"template":"","format":"standard","meta":[],"categories":[7,12,8,65,16],"tags":[],"_links":{"self":[{"href":"https:\/\/approchedroits-rechtenbenadering.be\/index.php?rest_route=\/wp\/v2\/posts\/264"}],"collection":[{"href":"https:\/\/approchedroits-rechtenbenadering.be\/index.php?rest_route=\/wp\/v2\/posts"}],"about":[{"href":"https:\/\/approchedroits-rechtenbenadering.be\/index.php?rest_route=\/wp\/v2\/types\/post"}],"author":[{"embeddable":true,"href":"https:\/\/approchedroits-rechtenbenadering.be\/index.php?rest_route=\/wp\/v2\/users\/1"}],"replies":[{"embeddable":true,"href":"https:\/\/approchedroits-rechtenbenadering.be\/index.php?rest_route=%2Fwp%2Fv2%2Fcomments&post=264"}],"version-history":[{"count":7,"href":"https:\/\/approchedroits-rechtenbenadering.be\/index.php?rest_route=\/wp\/v2\/posts\/264\/revisions"}],"predecessor-version":[{"id":1061,"href":"https:\/\/approchedroits-rechtenbenadering.be\/index.php?rest_route=\/wp\/v2\/posts\/264\/revisions\/1061"}],"wp:featuredmedia":[{"embeddable":true,"href":"https:\/\/approchedroits-rechtenbenadering.be\/index.php?rest_route=\/wp\/v2\/media\/1540"}],"wp:attachment":[{"href":"https:\/\/approchedroits-rechtenbenadering.be\/index.php?rest_route=%2Fwp%2Fv2%2Fmedia&parent=264"}],"wp:term":[{"taxonomy":"category","embeddable":true,"href":"https:\/\/approchedroits-rechtenbenadering.be\/index.php?rest_route=%2Fwp%2Fv2%2Fcategories&post=264"},{"taxonomy":"post_tag","embeddable":true,"href":"https:\/\/approchedroits-rechtenbenadering.be\/index.php?rest_route=%2Fwp%2Fv2%2Ftags&post=264"}],"curies":[{"name":"wp","href":"https:\/\/api.w.org\/{rel}","templated":true}]}}