{"id":265,"date":"2021-01-28T22:23:55","date_gmt":"2021-01-28T21:23:55","guid":{"rendered":"http:\/\/approchedroits-rechtenbenadering.be\/?p=265"},"modified":"2021-02-08T22:22:15","modified_gmt":"2021-02-08T21:22:15","slug":"travailler-a-linclusion-des-femmes-dans-le-monde-agricole-au-mali","status":"publish","type":"post","link":"https:\/\/approchedroits-rechtenbenadering.be\/?p=265","title":{"rendered":"Travailler \u00e0 l\u2019inclusion des femmes dans le monde agricole au Mali"},"content":{"rendered":"\t\t<div data-elementor-type=\"wp-post\" data-elementor-id=\"265\" class=\"elementor elementor-265\" data-elementor-settings=\"[]\">\n\t\t\t\t\t\t<div class=\"elementor-inner\">\n\t\t\t\t\t\t\t<div class=\"elementor-section-wrap\">\n\t\t\t\t\t\t\t<section class=\"elementor-section elementor-top-section elementor-element elementor-element-fd332d2 elementor-section-boxed elementor-section-height-default elementor-section-height-default\" data-id=\"fd332d2\" data-element_type=\"section\">\n\t\t\t\t\t\t<div class=\"elementor-container elementor-column-gap-default\">\n\t\t\t\t\t\t\t<div class=\"elementor-row\">\n\t\t\t\t\t<div class=\"elementor-column elementor-col-100 elementor-top-column elementor-element elementor-element-0622c84\" data-id=\"0622c84\" data-element_type=\"column\">\n\t\t\t<div class=\"elementor-column-wrap elementor-element-populated\">\n\t\t\t\t\t\t\t<div class=\"elementor-widget-wrap\">\n\t\t\t\t\t\t<div class=\"elementor-element elementor-element-e7384a3 elementor-widget elementor-widget-image\" data-id=\"e7384a3\" data-element_type=\"widget\" data-widget_type=\"image.default\">\n\t\t\t\t<div class=\"elementor-widget-container\">\n\t\t\t\t\t<div class=\"elementor-image\">\n\t\t\t\t\t\t\t\t\t\t<img width=\"864\" height=\"450\" src=\"https:\/\/approchedroits-rechtenbenadering.be\/wp-content\/uploads\/2021\/02\/MALI_DOC5-864x450.jpg\" class=\"attachment-slider size-slider\" alt=\"\" loading=\"lazy\" \/>\t\t\t\t\t\t\t\t\t\t\t<\/div>\n\t\t\t\t<\/div>\n\t\t\t\t<\/div>\n\t\t\t\t\t\t<\/div>\n\t\t\t\t\t<\/div>\n\t\t<\/div>\n\t\t\t\t\t\t\t\t<\/div>\n\t\t\t\t\t<\/div>\n\t\t<\/section>\n\t\t\t\t<section class=\"elementor-section elementor-top-section elementor-element elementor-element-bcc1deb elementor-section-boxed elementor-section-height-default elementor-section-height-default\" data-id=\"bcc1deb\" data-element_type=\"section\">\n\t\t\t\t\t\t<div class=\"elementor-container elementor-column-gap-default\">\n\t\t\t\t\t\t\t<div class=\"elementor-row\">\n\t\t\t\t\t<div class=\"elementor-column elementor-col-100 elementor-top-column elementor-element elementor-element-2859b67\" data-id=\"2859b67\" data-element_type=\"column\">\n\t\t\t<div class=\"elementor-column-wrap elementor-element-populated\">\n\t\t\t\t\t\t\t<div class=\"elementor-widget-wrap\">\n\t\t\t\t\t\t<div class=\"elementor-element elementor-element-aee39c7 elementor-widget elementor-widget-text-editor\" data-id=\"aee39c7\" data-element_type=\"widget\" data-widget_type=\"text-editor.default\">\n\t\t\t\t<div class=\"elementor-widget-container\">\n\t\t\t\t\t<div class=\"elementor-text-editor elementor-clearfix\"><p><strong><span lang=\"FR\">Les partenaires de Solidagro au Mali veulent promouvoir la parit\u00e9 homme femme par tous les moyens et \u00e0 tous les niveaux de fa\u00e7on inclusive. Fatouma t\u00e9moigne des cons\u00e9quences de ces actions sur la vie de sa famille et de sa communaut\u00e9.<\/span><\/strong><\/p><\/div>\n\t\t\t\t<\/div>\n\t\t\t\t<\/div>\n\t\t\t\t\t\t<\/div>\n\t\t\t\t\t<\/div>\n\t\t<\/div>\n\t\t\t\t\t\t\t\t<\/div>\n\t\t\t\t\t<\/div>\n\t\t<\/section>\n\t\t\t\t<section class=\"elementor-section elementor-top-section elementor-element elementor-element-d3c76ac elementor-section-boxed elementor-section-height-default elementor-section-height-default\" data-id=\"d3c76ac\" data-element_type=\"section\">\n\t\t\t\t\t\t<div class=\"elementor-container elementor-column-gap-default\">\n\t\t\t\t\t\t\t<div class=\"elementor-row\">\n\t\t\t\t\t<div class=\"elementor-column elementor-col-100 elementor-top-column elementor-element elementor-element-7c50db2a\" data-id=\"7c50db2a\" data-element_type=\"column\">\n\t\t\t<div class=\"elementor-column-wrap elementor-element-populated\">\n\t\t\t\t\t\t\t<div class=\"elementor-widget-wrap\">\n\t\t\t\t\t\t<div class=\"elementor-element elementor-element-796e7d09 elementor-widget elementor-widget-text-editor\" data-id=\"796e7d09\" data-element_type=\"widget\" data-widget_type=\"text-editor.default\">\n\t\t\t\t<div class=\"elementor-widget-container\">\n\t\t\t\t\t<div class=\"elementor-text-editor elementor-clearfix\"><p><em>Je m\u2019appelle Fatouma et j\u2019habite dans un petit village du Mali. Je suis \u00e2g\u00e9e de 42 ans, mari\u00e9e et m\u00e8re de 7 enfants. Je vis dans une famille polygame. Je suis membre de l\u2019organisation communautaire de base (OCB) Molib\u00e9mo. <\/em><\/p><p><em>Gr\u00e2ce aux actions entreprises par les partenaires de Solidagro, j\u2019ai compris la n\u00e9cessit\u00e9 d\u2019appartenir \u00e0 une organisation pour s\u2019\u00e9panouir, la n\u00e9cessit\u00e9 d\u2019\u00e9tablir un dialogue permanent entre l\u2019homme et la femme pour assurer le bien-\u00eatre du m\u00e9nage. Aussi, j\u2019ai pu me rendre compte de l\u2019existence d\u2019une politique agricole au Mali, son fonctionnement et ses champs d\u2019applications.<\/em><\/p><p><em>Depuis le d\u00e9marrage de ce projet, un changement consid\u00e9rable s\u2019est fait sentir dans ma vie de fa\u00e7on sp\u00e9cifique et dans la vie de ma communaut\u00e9 en g\u00e9n\u00e9ral. Gr\u00e2ce \u00e0 l\u2019all\u00e8gement de mes t\u00e2ches domestiques, je peux participer plus activement aux d\u00e9bats sur les probl\u00e8mes et projets de soci\u00e9t\u00e9 qui nous concernent.<\/em><\/p><p><strong>\u00a0<\/strong><span style=\"color: var( --e-global-color-text ); font-family: var( --e-global-typography-text-font-family ), Sans-serif; font-weight: var( --e-global-typography-text-font-weight ); font-size: inherit;\">Les partenaires de Solidagro au Mali mettent l\u2019accent sur l\u2019am\u00e9lioration de la condition des femmes par des actions positives visant \u00e0 promouvoir la parit\u00e9 homme et femme \u00e0 tous les niveaux et de fa\u00e7on inclusive. Une attention particuli\u00e8re est accord\u00e9e \u00e0 la participation des femmes aux activit\u00e9s (adaptation des heures) et aux d\u00e9bats (distribution de la parole) mais aussi au fait que les femmes aient un acc\u00e8s \u00e9gal aux appuis pr\u00e9vus, ainsi qu\u2019aux retomb\u00e9es du projet men\u00e9 par les partenaires de Solidagro. Aussi, les formations donn\u00e9es aux femmes sur le genre, le leadership f\u00e9minin, le plaidoyer et les diff\u00e9rentes s\u00e9ances de sensibilisation des propri\u00e9taires terriens ont permis aux femmes, non seulement d\u2019acc\u00e9der aux terres, mais \u00e9galement de renforcer leur confiance en soi, leur repr\u00e9sentativit\u00e9 dans les comit\u00e9s de gestions et les instances de prises de d\u00e9cision mais aussi d\u2019augmenter leurs capacit\u00e9s de n\u00e9gociation avec les hommes.<\/span><\/p><p>La question de l\u2019acc\u00e8s des femmes \u00e0 la terre a \u00e9t\u00e9 d\u00e9nonc\u00e9e par les deux partenaires maliens dans leur zone d\u2019intervention aupr\u00e8s des propri\u00e9taires terriens. Le plaidoyer a permis d\u2019obtenir des pr\u00eats de terre aux femmes pour les cultures pluviales et pour ce qui concerne les sites maraichers, la commune elle-m\u00eame s\u2019est engag\u00e9e \u00e0 c\u00e9der des terres aux femmes.<\/p><\/div>\n\t\t\t\t<\/div>\n\t\t\t\t<\/div>\n\t\t\t\t\t\t<\/div>\n\t\t\t\t\t<\/div>\n\t\t<\/div>\n\t\t\t\t\t\t\t\t<\/div>\n\t\t\t\t\t<\/div>\n\t\t<\/section>\n\t\t\t\t\t\t<\/div>\n\t\t\t\t\t\t<\/div>\n\t\t\t\t\t<\/div>\n\t\t","protected":false},"excerpt":{"rendered":"<p>Les partenaires de Solidagro au Mali veulent promouvoir la parit\u00e9 homme femme par tous les moyens et \u00e0 tous les niveaux de fa\u00e7on inclusive. Fatouma t\u00e9moigne des cons\u00e9quences de ces actions sur la vie de sa famille et de sa communaut\u00e9. <a class=\"continue-reading-link\" href=\"https:\/\/approchedroits-rechtenbenadering.be\/?p=265\">Lire plus <span class=\"meta-nav\">&rarr; <\/span><\/a><\/p>\n","protected":false},"author":1,"featured_media":373,"comment_status":"closed","ping_status":"closed","sticky":false,"template":"","format":"standard","meta":[],"categories":[11,10,65,16],"tags":[],"_links":{"self":[{"href":"https:\/\/approchedroits-rechtenbenadering.be\/index.php?rest_route=\/wp\/v2\/posts\/265"}],"collection":[{"href":"https:\/\/approchedroits-rechtenbenadering.be\/index.php?rest_route=\/wp\/v2\/posts"}],"about":[{"href":"https:\/\/approchedroits-rechtenbenadering.be\/index.php?rest_route=\/wp\/v2\/types\/post"}],"author":[{"embeddable":true,"href":"https:\/\/approchedroits-rechtenbenadering.be\/index.php?rest_route=\/wp\/v2\/users\/1"}],"replies":[{"embeddable":true,"href":"https:\/\/approchedroits-rechtenbenadering.be\/index.php?rest_route=%2Fwp%2Fv2%2Fcomments&post=265"}],"version-history":[{"count":7,"href":"https:\/\/approchedroits-rechtenbenadering.be\/index.php?rest_route=\/wp\/v2\/posts\/265\/revisions"}],"predecessor-version":[{"id":1063,"href":"https:\/\/approchedroits-rechtenbenadering.be\/index.php?rest_route=\/wp\/v2\/posts\/265\/revisions\/1063"}],"wp:featuredmedia":[{"embeddable":true,"href":"https:\/\/approchedroits-rechtenbenadering.be\/index.php?rest_route=\/wp\/v2\/media\/373"}],"wp:attachment":[{"href":"https:\/\/approchedroits-rechtenbenadering.be\/index.php?rest_route=%2Fwp%2Fv2%2Fmedia&parent=265"}],"wp:term":[{"taxonomy":"category","embeddable":true,"href":"https:\/\/approchedroits-rechtenbenadering.be\/index.php?rest_route=%2Fwp%2Fv2%2Fcategories&post=265"},{"taxonomy":"post_tag","embeddable":true,"href":"https:\/\/approchedroits-rechtenbenadering.be\/index.php?rest_route=%2Fwp%2Fv2%2Ftags&post=265"}],"curies":[{"name":"wp","href":"https:\/\/api.w.org\/{rel}","templated":true}]}}