{"id":270,"date":"2021-01-28T22:23:56","date_gmt":"2021-01-28T21:23:56","guid":{"rendered":"http:\/\/approchedroits-rechtenbenadering.be\/?p=270"},"modified":"2021-02-08T22:19:31","modified_gmt":"2021-02-08T21:19:31","slug":"palestine-lutte-pour-une-assurance-sante-pour-tous","status":"publish","type":"post","link":"https:\/\/approchedroits-rechtenbenadering.be\/?p=270","title":{"rendered":"Palestine : lutte pour une assurance sant\u00e9 pour tous"},"content":{"rendered":"\t\t<div data-elementor-type=\"wp-post\" data-elementor-id=\"270\" class=\"elementor elementor-270\" data-elementor-settings=\"[]\">\n\t\t\t\t\t\t<div class=\"elementor-inner\">\n\t\t\t\t\t\t\t<div class=\"elementor-section-wrap\">\n\t\t\t\t\t\t\t<section class=\"elementor-section elementor-top-section elementor-element elementor-element-ffb321d elementor-section-boxed elementor-section-height-default elementor-section-height-default\" data-id=\"ffb321d\" data-element_type=\"section\">\n\t\t\t\t\t\t<div class=\"elementor-container elementor-column-gap-default\">\n\t\t\t\t\t\t\t<div class=\"elementor-row\">\n\t\t\t\t\t<div class=\"elementor-column elementor-col-100 elementor-top-column elementor-element elementor-element-fee18e9\" data-id=\"fee18e9\" data-element_type=\"column\">\n\t\t\t<div class=\"elementor-column-wrap elementor-element-populated\">\n\t\t\t\t\t\t\t<div class=\"elementor-widget-wrap\">\n\t\t\t\t\t\t<div class=\"elementor-element elementor-element-2597fa4 elementor-widget elementor-widget-image\" data-id=\"2597fa4\" data-element_type=\"widget\" data-widget_type=\"image.default\">\n\t\t\t\t<div class=\"elementor-widget-container\">\n\t\t\t\t\t<div class=\"elementor-image\">\n\t\t\t\t\t\t\t\t\t\t<img width=\"1050\" height=\"450\" src=\"https:\/\/approchedroits-rechtenbenadering.be\/wp-content\/uploads\/2021\/02\/PAL_DOC3-1050x450.jpg\" class=\"attachment-slider size-slider\" alt=\"\" loading=\"lazy\" \/>\t\t\t\t\t\t\t\t\t\t\t<\/div>\n\t\t\t\t<\/div>\n\t\t\t\t<\/div>\n\t\t\t\t\t\t<\/div>\n\t\t\t\t\t<\/div>\n\t\t<\/div>\n\t\t\t\t\t\t\t\t<\/div>\n\t\t\t\t\t<\/div>\n\t\t<\/section>\n\t\t\t\t<section class=\"elementor-section elementor-top-section elementor-element elementor-element-ee10bd4 elementor-section-boxed elementor-section-height-default elementor-section-height-default\" data-id=\"ee10bd4\" data-element_type=\"section\">\n\t\t\t\t\t\t<div class=\"elementor-container elementor-column-gap-default\">\n\t\t\t\t\t\t\t<div class=\"elementor-row\">\n\t\t\t\t\t<div class=\"elementor-column elementor-col-100 elementor-top-column elementor-element elementor-element-42994e7\" data-id=\"42994e7\" data-element_type=\"column\">\n\t\t\t<div class=\"elementor-column-wrap elementor-element-populated\">\n\t\t\t\t\t\t\t<div class=\"elementor-widget-wrap\">\n\t\t\t\t\t\t<div class=\"elementor-element elementor-element-5c2c0fe elementor-widget elementor-widget-text-editor\" data-id=\"5c2c0fe\" data-element_type=\"widget\" data-widget_type=\"text-editor.default\">\n\t\t\t\t<div class=\"elementor-widget-container\">\n\t\t\t\t\t<div class=\"elementor-text-editor elementor-clearfix\"><p><strong>La situation sanitaire des Palestiniens est fortement impact\u00e9e par l&rsquo;occupation militaire isra\u00e9lienne. Il existe cependant des choix que l&rsquo;Autorit\u00e9 Palestinienne peut faire pour am\u00e9liorer le syst\u00e8me sanitaire.<\/strong><\/p><\/div>\n\t\t\t\t<\/div>\n\t\t\t\t<\/div>\n\t\t\t\t\t\t<\/div>\n\t\t\t\t\t<\/div>\n\t\t<\/div>\n\t\t\t\t\t\t\t\t<\/div>\n\t\t\t\t\t<\/div>\n\t\t<\/section>\n\t\t\t\t<section class=\"elementor-section elementor-top-section elementor-element elementor-element-1b3b2a3 elementor-section-boxed elementor-section-height-default elementor-section-height-default\" data-id=\"1b3b2a3\" data-element_type=\"section\">\n\t\t\t\t\t\t<div class=\"elementor-container elementor-column-gap-default\">\n\t\t\t\t\t\t\t<div class=\"elementor-row\">\n\t\t\t\t\t<div class=\"elementor-column elementor-col-100 elementor-top-column elementor-element elementor-element-176230f2\" data-id=\"176230f2\" data-element_type=\"column\">\n\t\t\t<div class=\"elementor-column-wrap elementor-element-populated\">\n\t\t\t\t\t\t\t<div class=\"elementor-widget-wrap\">\n\t\t\t\t\t\t<div class=\"elementor-element elementor-element-19a55ba6 elementor-widget elementor-widget-text-editor\" data-id=\"19a55ba6\" data-element_type=\"widget\" data-widget_type=\"text-editor.default\">\n\t\t\t\t<div class=\"elementor-widget-container\">\n\t\t\t\t\t<div class=\"elementor-text-editor elementor-clearfix\"><p><strong>D\u00e9pendant des soins de sant\u00e9 isra\u00e9liens<\/strong><\/p><p>L\u2019acc\u00e8s aux services de sant\u00e9 est limit\u00e9 \u00e0 cause de probl\u00e8mes aux checkpoints, ou parce qu\u2019il est interdit de construire des h\u00f4pitaux dans certaines r\u00e9gions. L&rsquo;acc\u00e8s aux m\u00e9dicaments de base et \u00e0 l&rsquo;\u00e9quipement m\u00e9dical est limit\u00e9 parce qu&rsquo;Isra\u00ebl en complique ou en retient l&rsquo;importation.<\/p><p>De ce fait, de nombreux Palestiniens d\u00e9pendent des soins de sant\u00e9 isra\u00e9liens pour certains traitements mais ne re\u00e7oivent pas toujours les autorisations de d\u00e9placement n\u00e9cessaires (\u00e0 Gaza, 39% des demandes ont \u00e9t\u00e9 refus\u00e9es en 2018, 18% l&rsquo;ont \u00e9t\u00e9 en Cisjordanie).<\/p><p><span lang=\"EN-GB\">\u00a0<\/span><\/p><p><strong>Enqu\u00eates nationales<\/strong><\/p><p>Il existe cependant des choix que l&rsquo;Autorit\u00e9 Palestinienne peut faire pour am\u00e9liorer le syst\u00e8me sanitaire. C&rsquo;est pour cela que les partenaires palestiniens de Viva Salud ont organis\u00e9 en 2019 une vaste enqu\u00eate sur l&rsquo;assurance sant\u00e9 nationale pour d\u00e9terminer si celle-ci r\u00e9pond aux standards internationaux et dans quelle mesure les Palestiniens en b\u00e9n\u00e9ficient et sont satisfaits des soins de sant\u00e9 publics.<\/p><p>Bisan, qui soutient les mouvements de jeunes, a particip\u00e9 \u00e0 l&rsquo;enqu\u00eate. Ils ont organis\u00e9 des discussions en groupes avec des jeunes dans cinq villes.<\/p><p><span lang=\"EN-GB\">\u00a0<\/span><\/p><p><strong>Travailler \u00e0 des soins de sant\u00e9 publics accessibles et de qualit\u00e9<\/strong><\/p><p>Les r\u00e9sultats de l&rsquo;enqu\u00eate ont montr\u00e9 que plus de 60% des Palestiniens ont une assurance sant\u00e9 nationale mais que la moiti\u00e9 d&rsquo;entre eux ne veulent pas la prolonger en raison de son co\u00fbt. Plus de la moiti\u00e9 des Palestiniens b\u00e9n\u00e9ficiant de ce genre d&rsquo;assurance vont dans des h\u00f4pitaux priv\u00e9s et trois quarts chez des m\u00e9decins priv\u00e9s, m\u00eame si ceux-ci sont plus chers. Cela montre qu&rsquo;il y a encore du pain sur la planche pour ce qui est d&rsquo;am\u00e9liorer l&rsquo;accessibilit\u00e9 et la qualit\u00e9 des soins de sant\u00e9 publics.<\/p><\/div>\n\t\t\t\t<\/div>\n\t\t\t\t<\/div>\n\t\t\t\t\t\t<\/div>\n\t\t\t\t\t<\/div>\n\t\t<\/div>\n\t\t\t\t\t\t\t\t<\/div>\n\t\t\t\t\t<\/div>\n\t\t<\/section>\n\t\t\t\t\t\t<\/div>\n\t\t\t\t\t\t<\/div>\n\t\t\t\t\t<\/div>\n\t\t","protected":false},"excerpt":{"rendered":"<p>La situation sanitaire des Palestiniens est fortement impact\u00e9e par l&rsquo;occupation militaire isra\u00e9lienne. Il existe cependant des choix que l&rsquo;Autorit\u00e9 Palestinienne peut faire pour am\u00e9liorer le syst\u00e8me sanitaire. <a class=\"continue-reading-link\" href=\"https:\/\/approchedroits-rechtenbenadering.be\/?p=270\">Lire plus <span class=\"meta-nav\">&rarr; <\/span><\/a><\/p>\n","protected":false},"author":1,"featured_media":372,"comment_status":"closed","ping_status":"closed","sticky":false,"template":"","format":"standard","meta":[],"categories":[9,69,14],"tags":[],"_links":{"self":[{"href":"https:\/\/approchedroits-rechtenbenadering.be\/index.php?rest_route=\/wp\/v2\/posts\/270"}],"collection":[{"href":"https:\/\/approchedroits-rechtenbenadering.be\/index.php?rest_route=\/wp\/v2\/posts"}],"about":[{"href":"https:\/\/approchedroits-rechtenbenadering.be\/index.php?rest_route=\/wp\/v2\/types\/post"}],"author":[{"embeddable":true,"href":"https:\/\/approchedroits-rechtenbenadering.be\/index.php?rest_route=\/wp\/v2\/users\/1"}],"replies":[{"embeddable":true,"href":"https:\/\/approchedroits-rechtenbenadering.be\/index.php?rest_route=%2Fwp%2Fv2%2Fcomments&post=270"}],"version-history":[{"count":7,"href":"https:\/\/approchedroits-rechtenbenadering.be\/index.php?rest_route=\/wp\/v2\/posts\/270\/revisions"}],"predecessor-version":[{"id":1053,"href":"https:\/\/approchedroits-rechtenbenadering.be\/index.php?rest_route=\/wp\/v2\/posts\/270\/revisions\/1053"}],"wp:featuredmedia":[{"embeddable":true,"href":"https:\/\/approchedroits-rechtenbenadering.be\/index.php?rest_route=\/wp\/v2\/media\/372"}],"wp:attachment":[{"href":"https:\/\/approchedroits-rechtenbenadering.be\/index.php?rest_route=%2Fwp%2Fv2%2Fmedia&parent=270"}],"wp:term":[{"taxonomy":"category","embeddable":true,"href":"https:\/\/approchedroits-rechtenbenadering.be\/index.php?rest_route=%2Fwp%2Fv2%2Fcategories&post=270"},{"taxonomy":"post_tag","embeddable":true,"href":"https:\/\/approchedroits-rechtenbenadering.be\/index.php?rest_route=%2Fwp%2Fv2%2Ftags&post=270"}],"curies":[{"name":"wp","href":"https:\/\/api.w.org\/{rel}","templated":true}]}}