{"id":276,"date":"2021-01-28T22:23:58","date_gmt":"2021-01-28T21:23:58","guid":{"rendered":"http:\/\/approchedroits-rechtenbenadering.be\/?p=276"},"modified":"2021-02-11T14:58:15","modified_gmt":"2021-02-11T13:58:15","slug":"le-combat-de-gabriela-pour-les-droits-des-femmes-aux-philippines","status":"publish","type":"post","link":"https:\/\/approchedroits-rechtenbenadering.be\/?p=276","title":{"rendered":"Le combat de Gabriela pour les droits des femmes aux Philippines"},"content":{"rendered":"\t\t<div data-elementor-type=\"wp-post\" data-elementor-id=\"276\" class=\"elementor elementor-276\" data-elementor-settings=\"[]\">\n\t\t\t\t\t\t<div class=\"elementor-inner\">\n\t\t\t\t\t\t\t<div class=\"elementor-section-wrap\">\n\t\t\t\t\t\t\t<section class=\"elementor-section elementor-top-section elementor-element elementor-element-45bb947 elementor-section-boxed elementor-section-height-default elementor-section-height-default\" data-id=\"45bb947\" data-element_type=\"section\">\n\t\t\t\t\t\t<div class=\"elementor-container elementor-column-gap-default\">\n\t\t\t\t\t\t\t<div class=\"elementor-row\">\n\t\t\t\t\t<div class=\"elementor-column elementor-col-100 elementor-top-column elementor-element elementor-element-f2c231b\" data-id=\"f2c231b\" data-element_type=\"column\">\n\t\t\t<div class=\"elementor-column-wrap elementor-element-populated\">\n\t\t\t\t\t\t\t<div class=\"elementor-widget-wrap\">\n\t\t\t\t\t\t<div class=\"elementor-element elementor-element-de5804d elementor-aspect-ratio-169 elementor-widget elementor-widget-video\" data-id=\"de5804d\" data-element_type=\"widget\" data-settings=\"{&quot;youtube_url&quot;:&quot;https:\\\/\\\/www.youtube.com\\\/watch?v=tguNyXuONnA&quot;,&quot;video_type&quot;:&quot;youtube&quot;,&quot;controls&quot;:&quot;yes&quot;,&quot;aspect_ratio&quot;:&quot;169&quot;}\" data-widget_type=\"video.default\">\n\t\t\t\t<div class=\"elementor-widget-container\">\n\t\t\t\t\t<div class=\"elementor-wrapper elementor-fit-aspect-ratio elementor-open-inline\">\n\t\t\t<div class=\"elementor-video\"><\/div>\t\t<\/div>\n\t\t\t\t<\/div>\n\t\t\t\t<\/div>\n\t\t\t\t\t\t<\/div>\n\t\t\t\t\t<\/div>\n\t\t<\/div>\n\t\t\t\t\t\t\t\t<\/div>\n\t\t\t\t\t<\/div>\n\t\t<\/section>\n\t\t\t\t<section class=\"elementor-section elementor-top-section elementor-element elementor-element-987cc64 elementor-section-boxed elementor-section-height-default elementor-section-height-default\" data-id=\"987cc64\" data-element_type=\"section\">\n\t\t\t\t\t\t<div class=\"elementor-container elementor-column-gap-default\">\n\t\t\t\t\t\t\t<div class=\"elementor-row\">\n\t\t\t\t\t<div class=\"elementor-column elementor-col-100 elementor-top-column elementor-element elementor-element-1bb589c\" data-id=\"1bb589c\" data-element_type=\"column\">\n\t\t\t<div class=\"elementor-column-wrap elementor-element-populated\">\n\t\t\t\t\t\t\t<div class=\"elementor-widget-wrap\">\n\t\t\t\t\t\t<div class=\"elementor-element elementor-element-04c74b0 elementor-widget elementor-widget-text-editor\" data-id=\"04c74b0\" data-element_type=\"widget\" data-widget_type=\"text-editor.default\">\n\t\t\t\t<div class=\"elementor-widget-container\">\n\t\t\t\t\t<div class=\"elementor-text-editor elementor-clearfix\"><p><strong>Cela fait plus de trente ans d\u00e9j\u00e0 que le mouvement de femmes Gabriela se bat pour les droits des femmes aux Philippines, en organisant et mobilisant les femmes \u00e0 travers tout le pays. Dans cette vid\u00e9o, Obeth Montes, secr\u00e9taire adjointe de Gabriela, explique quel impact l\u2019action du mouvement a eu au cours des derni\u00e8res ann\u00e9es sur les femmes de deux communaut\u00e9s indig\u00e8nes dans le Sud-Cotabato.<\/strong><\/p><\/div>\n\t\t\t\t<\/div>\n\t\t\t\t<\/div>\n\t\t\t\t\t\t<\/div>\n\t\t\t\t\t<\/div>\n\t\t<\/div>\n\t\t\t\t\t\t\t\t<\/div>\n\t\t\t\t\t<\/div>\n\t\t<\/section>\n\t\t\t\t<section class=\"elementor-section elementor-top-section elementor-element elementor-element-45ea35b1 elementor-section-boxed elementor-section-height-default elementor-section-height-default\" data-id=\"45ea35b1\" data-element_type=\"section\">\n\t\t\t\t\t\t<div class=\"elementor-container elementor-column-gap-default\">\n\t\t\t\t\t\t\t<div class=\"elementor-row\">\n\t\t\t\t\t<div class=\"elementor-column elementor-col-100 elementor-top-column elementor-element elementor-element-16698b7a\" data-id=\"16698b7a\" data-element_type=\"column\">\n\t\t\t<div class=\"elementor-column-wrap elementor-element-populated\">\n\t\t\t\t\t\t\t<div class=\"elementor-widget-wrap\">\n\t\t\t\t\t\t<div class=\"elementor-element elementor-element-74d08acd elementor-widget elementor-widget-text-editor\" data-id=\"74d08acd\" data-element_type=\"widget\" data-widget_type=\"text-editor.default\">\n\t\t\t\t<div class=\"elementor-widget-container\">\n\t\t\t\t\t<div class=\"elementor-text-editor elementor-clearfix\"><p>Gabriela m\u00e8ne campagne autour de la violence \u00e0 l\u2019encontre des femmes ainsi que sur d\u2019autres domaines qui impactent la vie des femmes et de leur communaut\u00e9\u00a0; qu\u2019il s\u2019agisse de l\u2019acc\u00e8s aux soins de sant\u00e9, \u00e0 un travail digne, un logement d\u00e9cent ou des cons\u00e9quences de la militarisation.<\/p><p>\u00a0<\/p><p><strong>Priv\u00e9s de soins de sant\u00e9\u00a0<\/strong><\/p><p>Les T&rsquo;boli et Dulangan Manobo sont deux peuples indig\u00e8nes du Sud-Cotabato, priv\u00e9s depuis longtemps de services sociaux. Les communaut\u00e9s indig\u00e8nes vivent souvent dans des r\u00e9gions \u00e9loign\u00e9es, qui ne disposent que tr\u00e8s rarement de structures sanitaires. La plupart n\u2019ont pas l\u2019argent n\u00e9cessaire pour se rendre chez un m\u00e9decin ou un centre m\u00e9dical des environs. Et cela m\u00e8ne souvent \u00e0 des situations critiques. Par manque de soins, l\u2019\u00e9tat de sant\u00e9 s\u2019aggrave. Dans cette vid\u00e9o, Lita Danvan raconte comment elle a perdu son enfant en raison de cette situation.<\/p><p>\u00a0<\/p><p><strong>Des femmes en action pour leur communaut\u00e9<\/strong><\/p><p>C\u2019est pourquoi Gabriela a \u00e9labor\u00e9 un programme pour renforcer la capacit\u00e9 des femmes \u00e0 revendiquer leurs droits. Il comprend des formations, des programmes de sant\u00e9 mais aussi des services comme une clinique sp\u00e9cialis\u00e9e en gyn\u00e9cologie. Gr\u00e2ce au travail d\u2019organisation de Gabriela, les femmes peuvent agir lorsqu\u2019un probl\u00e8me se pr\u00e9sente. Par exemple, lorsqu\u2019une entreprise de volaille d\u00e9gageant de fortes odeurs s\u2019est install\u00e9e \u00e0 proximit\u00e9 de la communaut\u00e9, les femmes sont all\u00e9es parler aux dirigeants de l\u2019entreprise et leur p\u00e9tition pour la fermeture de l\u2019usine a obtenu gain de cause.<\/p><p>\u00a0<\/p><p><strong>Militarisation<\/strong><\/p><p>La r\u00e9gion subit \u00e9galement les effets de la militarisation. L\u2019arm\u00e9e veille \u00e0 ce que les grands propri\u00e9taires terriens et les entreprises \u00e9trang\u00e8res puissent agir sans entraves. En 2017, au Lake Sebu, un chef de tribu et sept autres membres de celle-ci ont \u00e9t\u00e9 assassin\u00e9s en raison de la r\u00e9sistance de leur communaut\u00e9 contre l\u2019implantation d\u2019une plantation de caf\u00e9 sur leurs terres ancestrales. Les autorit\u00e9s ne s\u2019arr\u00eatent devant rien mais les communaut\u00e9s organis\u00e9es ne se laissent pas intimider.<\/p><\/div>\n\t\t\t\t<\/div>\n\t\t\t\t<\/div>\n\t\t\t\t\t\t<\/div>\n\t\t\t\t\t<\/div>\n\t\t<\/div>\n\t\t\t\t\t\t\t\t<\/div>\n\t\t\t\t\t<\/div>\n\t\t<\/section>\n\t\t\t\t\t\t<\/div>\n\t\t\t\t\t\t<\/div>\n\t\t\t\t\t<\/div>\n\t\t","protected":false},"excerpt":{"rendered":"<p>Cela fait plus de trente ans d\u00e9j\u00e0 que le mouvement de femmes Gabriela se bat pour les droits des femmes aux Philippines, en organisant et mobilisant les femmes \u00e0 travers tout le pays. Dans cette vid\u00e9o, Obeth Montes, secr\u00e9taire adjointe de Gabriela, explique quel impact l\u2019action du mouvement a eu au cours des derni\u00e8res ann\u00e9es sur les femmes de deux communaut\u00e9s indig\u00e8nes dans le Sud-Cotabato. <a class=\"continue-reading-link\" href=\"https:\/\/approchedroits-rechtenbenadering.be\/?p=276\">Lire plus <span class=\"meta-nav\">&rarr; <\/span><\/a><\/p>\n","protected":false},"author":1,"featured_media":1624,"comment_status":"open","ping_status":"open","sticky":false,"template":"","format":"standard","meta":[],"categories":[7,11,10,71,14],"tags":[],"_links":{"self":[{"href":"https:\/\/approchedroits-rechtenbenadering.be\/index.php?rest_route=\/wp\/v2\/posts\/276"}],"collection":[{"href":"https:\/\/approchedroits-rechtenbenadering.be\/index.php?rest_route=\/wp\/v2\/posts"}],"about":[{"href":"https:\/\/approchedroits-rechtenbenadering.be\/index.php?rest_route=\/wp\/v2\/types\/post"}],"author":[{"embeddable":true,"href":"https:\/\/approchedroits-rechtenbenadering.be\/index.php?rest_route=\/wp\/v2\/users\/1"}],"replies":[{"embeddable":true,"href":"https:\/\/approchedroits-rechtenbenadering.be\/index.php?rest_route=%2Fwp%2Fv2%2Fcomments&post=276"}],"version-history":[{"count":7,"href":"https:\/\/approchedroits-rechtenbenadering.be\/index.php?rest_route=\/wp\/v2\/posts\/276\/revisions"}],"predecessor-version":[{"id":1611,"href":"https:\/\/approchedroits-rechtenbenadering.be\/index.php?rest_route=\/wp\/v2\/posts\/276\/revisions\/1611"}],"wp:featuredmedia":[{"embeddable":true,"href":"https:\/\/approchedroits-rechtenbenadering.be\/index.php?rest_route=\/wp\/v2\/media\/1624"}],"wp:attachment":[{"href":"https:\/\/approchedroits-rechtenbenadering.be\/index.php?rest_route=%2Fwp%2Fv2%2Fmedia&parent=276"}],"wp:term":[{"taxonomy":"category","embeddable":true,"href":"https:\/\/approchedroits-rechtenbenadering.be\/index.php?rest_route=%2Fwp%2Fv2%2Fcategories&post=276"},{"taxonomy":"post_tag","embeddable":true,"href":"https:\/\/approchedroits-rechtenbenadering.be\/index.php?rest_route=%2Fwp%2Fv2%2Ftags&post=276"}],"curies":[{"name":"wp","href":"https:\/\/api.w.org\/{rel}","templated":true}]}}